{"id":2489,"date":"2019-10-07T08:51:02","date_gmt":"2019-10-07T06:51:02","guid":{"rendered":"https:\/\/www.ozbud.com.pl\/?p=2489"},"modified":"2019-10-07T11:58:25","modified_gmt":"2019-10-07T09:58:25","slug":"termomodernizacja-hal-przemyslowych-dozamel","status":"publish","type":"post","link":"https:\/\/www.ozbud.com.pl\/index.php\/2019\/10\/07\/termomodernizacja-hal-przemyslowych-dozamel\/","title":{"rendered":"Termomodernizacja hal przemys\u0142owych C1 oraz B1 na terenie Dozamel"},"content":{"rendered":"<p>W wyniku przetarg\u00f3w og\u0142oszonych przez Dozamel Sp. z o.o. zawarli\u015bmy umow\u0119 na realizacj\u0119 zadania zwi\u0105zanego z termomodernizacj\u0105 dw\u00f3ch hal przemys\u0142owych na terenie Wroc\u0142awskiego Parku Przemys\u0142owego. Obie hale uj\u0119te s\u0105 w gminnej ewidencji zabytk\u00f3w \u2013 budynek C1 wybudowano w okresie mi\u0119dzywojennym, natomiast historia hali B1 si\u0119ga ju\u017c pierwszej po\u0142owy XIX wieku. \u0141\u0105czna powierzchnia zabudowy hal C1 i B1 wynosi oko\u0142o 36 000 m<sup>2<\/sup>. Zadania dofinansowane s\u0105 ze \u015brodk\u00f3w unijnych i swoim zakresem obejmuj\u0105 m. in. ocieplenie dachu obu obiekt\u00f3w i cz\u0119\u015bci elewacji, wymian\u0119 wszystkich okien oraz \u015bwietlik\u00f3w. Wykonanie tych rob\u00f3t stanowi\u0107 b\u0119dzie du\u017ce wyzwanie realizacyjne, poniewa\u017c wymiana \u015bwietlik\u00f3w dachowych i okien o znacznych wymiarach ma by\u0107 przeprowadzona na czynnym obiekcie bez ograniczania prowadzonej na halach produkcji.<\/p>\n<p>Sumaryczna warto\u015b\u0107 zleconych rob\u00f3t remontowo-budowlanych wynosi oko\u0142o 29 milion\u00f3w z\u0142otych. Prace maj\u0105 zosta\u0107 zako\u0144czone w IV kwartale 2020 roku.<\/p>\n<div class='avia-gallery  avia-gallery-1 avia_lazyload avia_animate_when_visible '  itemprop=\"ImageObject\" itemscope=\"itemscope\" itemtype=\"https:\/\/schema.org\/ImageObject\" ><a class='avia-gallery-big fakeLightbox lightbox avia-gallery-big-crop-thumb ' href='https:\/\/www.ozbud.com.pl\/wp-content\/uploads\/2019\/10\/hale-przemyslowe-b1-c1-dozamel_1-1030x771.jpg'  data-onclick='1' title='Widok na hal\u0119 C1 od frontu.' ><span class='avia-gallery-big-inner'  itemprop=\"thumbnailUrl\" >\t<img width='1600' height='1198' src='https:\/\/www.ozbud.com.pl\/wp-content\/uploads\/2019\/10\/hale-przemyslowe-b1-c1-dozamel_1.jpg' title='hala-przemyslowa-c1-widok-od-frontu' alt='hala-przemyslowa-c1-widok-od-frontu' \/><\/span><\/a><div class='avia-gallery-thumb'> <a href='https:\/\/www.ozbud.com.pl\/wp-content\/uploads\/2019\/10\/hale-przemyslowe-b1-c1-dozamel_1-1030x771.jpg' data-rel='gallery-1' data-prev-img='https:\/\/www.ozbud.com.pl\/wp-content\/uploads\/2019\/10\/hale-przemyslowe-b1-c1-dozamel_1.jpg' class='first_thumb lightbox ' data-onclick='1' title='Widok na hal\u0119 C1 od frontu.'  itemprop=\"thumbnailUrl\" ><img  src='https:\/\/www.ozbud.com.pl\/wp-content\/uploads\/2019\/10\/hale-przemyslowe-b1-c1-dozamel_1-495x400.jpg' width='495' height='400'  title='hala-przemyslowa-c1-widok-od-frontu' alt='hala-przemyslowa-c1-widok-od-frontu' \/><\/a> <a href='https:\/\/www.ozbud.com.pl\/wp-content\/uploads\/2019\/10\/hale-przemyslowe-b1-c1-dozamel_2-1030x771.jpg' data-rel='gallery-1' data-prev-img='https:\/\/www.ozbud.com.pl\/wp-content\/uploads\/2019\/10\/hale-przemyslowe-b1-c1-dozamel_2.jpg' class='lightbox ' data-onclick='2' title='Widok na \u015bwietliki na hali C1.'  itemprop=\"thumbnailUrl\" ><img  src='https:\/\/www.ozbud.com.pl\/wp-content\/uploads\/2019\/10\/hale-przemyslowe-b1-c1-dozamel_2-495x400.jpg' width='495' height='400'  title='hala-przemyslowa-c1-swietliki' alt='hala-przemyslowa-c1-swietliki' \/><\/a> <a href='https:\/\/www.ozbud.com.pl\/wp-content\/uploads\/2019\/10\/hale-przemyslowe-b1-c1-dozamel_3-1030x771.jpg' data-rel='gallery-1' data-prev-img='https:\/\/www.ozbud.com.pl\/wp-content\/uploads\/2019\/10\/hale-przemyslowe-b1-c1-dozamel_3.jpg' class='lightbox ' data-onclick='3' title='Widok na hal\u0119 C1 z g\u00f3ry'  itemprop=\"thumbnailUrl\" ><img  src='https:\/\/www.ozbud.com.pl\/wp-content\/uploads\/2019\/10\/hale-przemyslowe-b1-c1-dozamel_3-495x400.jpg' width='495' height='400'  title='termomodernizacja-hal-przemyslowych-dozamel-b1-c1_2' alt='termomodernizacja-hal-przemyslowych-dozamel-b1-c1_2' \/><\/a> <a href='https:\/\/www.ozbud.com.pl\/wp-content\/uploads\/2019\/10\/hale-przemyslowe-b1-c1-dozamel_4-1030x771.jpg' data-rel='gallery-1' data-prev-img='https:\/\/www.ozbud.com.pl\/wp-content\/uploads\/2019\/10\/hale-przemyslowe-b1-c1-dozamel_4.jpg' class='lightbox ' data-onclick='4' title='Widok na hal\u0119 B1.'  itemprop=\"thumbnailUrl\" ><img  src='https:\/\/www.ozbud.com.pl\/wp-content\/uploads\/2019\/10\/hale-przemyslowe-b1-c1-dozamel_4-495x400.jpg' width='495' height='400'  title='termomodernizacja-hal-przemyslowych-dozamel-b1-c1_1' alt='termomodernizacja-hal-przemyslowych-dozamel-b1-c1_1' \/><\/a><\/div><\/div>\n","protected":false},"excerpt":{"rendered":"<p>W wyniku przetarg\u00f3w og\u0142oszonych przez Dozamel Sp. z o.o. zawarli\u015bmy umow\u0119 na realizacj\u0119 zadania zwi\u0105zanego z termomodernizacj\u0105 dw\u00f3ch hal przemys\u0142owych na terenie Wroc\u0142awskiego Parku Przemys\u0142owego. Obie hale uj\u0119te s\u0105 w gminnej ewidencji zabytk\u00f3w \u2013 budynek C1 wybudowano w okresie mi\u0119dzywojennym, natomiast historia hali B1 si\u0119ga ju\u017c pierwszej po\u0142owy XIX wieku. \u0141\u0105czna powierzchnia zabudowy hal C1 [&hellip;]<\/p>\n","protected":false},"author":2,"featured_media":2492,"comment_status":"closed","ping_status":"closed","sticky":false,"template":"","format":"standard","meta":{"footnotes":""},"categories":[1],"tags":[],"yst_prominent_words":[710,712,164,739,97,740,714,708],"class_list":["post-2489","post","type-post","status-publish","format-standard","has-post-thumbnail","hentry","category-aktualnosci"],"_links":{"self":[{"href":"https:\/\/www.ozbud.com.pl\/index.php\/wp-json\/wp\/v2\/posts\/2489","targetHints":{"allow":["GET"]}}],"collection":[{"href":"https:\/\/www.ozbud.com.pl\/index.php\/wp-json\/wp\/v2\/posts"}],"about":[{"href":"https:\/\/www.ozbud.com.pl\/index.php\/wp-json\/wp\/v2\/types\/post"}],"author":[{"embeddable":true,"href":"https:\/\/www.ozbud.com.pl\/index.php\/wp-json\/wp\/v2\/users\/2"}],"replies":[{"embeddable":true,"href":"https:\/\/www.ozbud.com.pl\/index.php\/wp-json\/wp\/v2\/comments?post=2489"}],"version-history":[{"count":6,"href":"https:\/\/www.ozbud.com.pl\/index.php\/wp-json\/wp\/v2\/posts\/2489\/revisions"}],"predecessor-version":[{"id":2505,"href":"https:\/\/www.ozbud.com.pl\/index.php\/wp-json\/wp\/v2\/posts\/2489\/revisions\/2505"}],"wp:featuredmedia":[{"embeddable":true,"href":"https:\/\/www.ozbud.com.pl\/index.php\/wp-json\/wp\/v2\/media\/2492"}],"wp:attachment":[{"href":"https:\/\/www.ozbud.com.pl\/index.php\/wp-json\/wp\/v2\/media?parent=2489"}],"wp:term":[{"taxonomy":"category","embeddable":true,"href":"https:\/\/www.ozbud.com.pl\/index.php\/wp-json\/wp\/v2\/categories?post=2489"},{"taxonomy":"post_tag","embeddable":true,"href":"https:\/\/www.ozbud.com.pl\/index.php\/wp-json\/wp\/v2\/tags?post=2489"},{"taxonomy":"yst_prominent_words","embeddable":true,"href":"https:\/\/www.ozbud.com.pl\/index.php\/wp-json\/wp\/v2\/yst_prominent_words?post=2489"}],"curies":[{"name":"wp","href":"https:\/\/api.w.org\/{rel}","templated":true}]}}