{"id":2324,"date":"2019-03-20T15:03:46","date_gmt":"2019-03-20T14:03:46","guid":{"rendered":"https:\/\/www.ozbud.com.pl\/?p=2324"},"modified":"2019-03-20T15:04:15","modified_gmt":"2019-03-20T14:04:15","slug":"remont-kamienic-b-tomasza","status":"publish","type":"post","link":"https:\/\/www.ozbud.com.pl\/index.php\/2019\/03\/20\/remont-kamienic-b-tomasza\/","title":{"rendered":"Remont Kamienic przy ul. B. Tomasza w ko\u0144cowej fazie realizacji"},"content":{"rendered":"<p>Remont Kamienic na Wroc\u0142awskim Nadodrzu obejmuje swoim zakresem trzy adresy przy ulicy Biskupa Tomasza: 13, 16 oraz 18. Prace zwi\u0105zane z termomodernizacj\u0105, oraz rewitalizacj\u0105 czynnych budynk\u00f3w prowadzone s\u0105 zgodnie z planem, o ile pozwalaj\u0105 na to mieszka\u0144cy. Bardzo nas cieszy, \u017ce mo\u017cemy bra\u0107 udzia\u0142 w zmienianiu charakteru Nadodrza. Mamy nadziej\u0119, \u017ce miasto przeznaczy \u015brodki na termomodernizacj\u0119 nast\u0119pnych kamienic. Budynki zosta\u0142y pod\u0142\u0105czone do elektrociep\u0142owni, co pozytywnie wp\u0142ynie na jako\u015b\u0107 powietrza.<\/p>\n<p>We Wroc\u0142awiu przed nami jeszcze du\u017co pracy&#8230;<\/p>\n<p>Zapraszamy do zapoznania si\u0119 z wygl\u0105dem kamienic <a href=\"https:\/\/www.ozbud.com.pl\/index.php\/2018\/05\/23\/trzy-kamienice-biskupa-tomasza\/\">przed remontem<\/a>.<\/p>\n<div class='avia-gallery  avia-gallery-1 avia_lazyload avia_animate_when_visible '  itemprop=\"ImageObject\" itemscope=\"itemscope\" itemtype=\"https:\/\/schema.org\/ImageObject\" ><a class='avia-gallery-big fakeLightbox lightbox avia-gallery-big-crop-thumb ' href='https:\/\/www.ozbud.com.pl\/wp-content\/uploads\/2019\/03\/remont-kamienice-biskupa-tomasza-6-1030x771.jpg'  data-onclick='1' title='Widok na cz\u0119\u015b\u0107 szczytow\u0105 budynku przy ul. B. Tomasza Pierwszego 18.' ><span class='avia-gallery-big-inner'  itemprop=\"thumbnailUrl\" >\t<img width='1030' height='771' src='https:\/\/www.ozbud.com.pl\/wp-content\/uploads\/2019\/03\/remont-kamienice-biskupa-tomasza-6-1030x771.jpg' title='remont-kamienic-biskupa-tomasza-1' alt='remont-kamienic-biskupa-tomasza-1' \/><\/span><\/a><div class='avia-gallery-thumb'> <a href='https:\/\/www.ozbud.com.pl\/wp-content\/uploads\/2019\/03\/remont-kamienice-biskupa-tomasza-6-1030x771.jpg' data-rel='gallery-1' data-prev-img='https:\/\/www.ozbud.com.pl\/wp-content\/uploads\/2019\/03\/remont-kamienice-biskupa-tomasza-6-1030x771.jpg' class='first_thumb lightbox ' data-onclick='1' title='Widok na cz\u0119\u015b\u0107 szczytow\u0105 budynku przy ul. B. Tomasza Pierwszego 18.'  itemprop=\"thumbnailUrl\" ><img  src='https:\/\/www.ozbud.com.pl\/wp-content\/uploads\/2019\/03\/remont-kamienice-biskupa-tomasza-6-495x400.jpg' width='495' height='400'  title='remont-kamienic-biskupa-tomasza-1' alt='remont-kamienic-biskupa-tomasza-1' \/><\/a> <a href='https:\/\/www.ozbud.com.pl\/wp-content\/uploads\/2019\/03\/remont-kamienice-biskupa-tomasza-4-1030x887.jpg' data-rel='gallery-1' data-prev-img='https:\/\/www.ozbud.com.pl\/wp-content\/uploads\/2019\/03\/remont-kamienice-biskupa-tomasza-4-1030x887.jpg' class='lightbox ' data-onclick='2' title='Widok na elewacj\u0119 Kamienicy przy ul. Biskupa Tomasza Pierwszego 13'  itemprop=\"thumbnailUrl\" ><img  src='https:\/\/www.ozbud.com.pl\/wp-content\/uploads\/2019\/03\/remont-kamienice-biskupa-tomasza-4-495x400.jpg' width='495' height='400'  title='remont-kamienic-biskupa-tomasza-3' alt='remont-kamienic-biskupa-tomasza-3' \/><\/a> <a href='https:\/\/www.ozbud.com.pl\/wp-content\/uploads\/2019\/03\/remont-kamienice-biskupa-tomasza-3-1030x687.jpg' data-rel='gallery-1' data-prev-img='https:\/\/www.ozbud.com.pl\/wp-content\/uploads\/2019\/03\/remont-kamienice-biskupa-tomasza-3-1030x687.jpg' class='lightbox ' data-onclick='3' title='Widok na budynek przy ul. Biskupa Tomasza Pierwszego 13.'  itemprop=\"thumbnailUrl\" ><img  src='https:\/\/www.ozbud.com.pl\/wp-content\/uploads\/2019\/03\/remont-kamienice-biskupa-tomasza-3-495x400.jpg' width='495' height='400'  title='remont-kamienic-biskupa-tomasza-4' alt='remont-kamienic-biskupa-tomasza-4' \/><\/a> <a href='https:\/\/www.ozbud.com.pl\/wp-content\/uploads\/2019\/03\/remont-kamienice-biskupa-tomasza-2-1030x687.jpg' data-rel='gallery-1' data-prev-img='https:\/\/www.ozbud.com.pl\/wp-content\/uploads\/2019\/03\/remont-kamienice-biskupa-tomasza-2-1030x687.jpg' class='first_thumb lightbox ' data-onclick='4' title='Widok na elewacj\u0119 kamienic przy ul. Biskupa Tomasza Pierwszego 16 i 18.'  itemprop=\"thumbnailUrl\" ><img  src='https:\/\/www.ozbud.com.pl\/wp-content\/uploads\/2019\/03\/remont-kamienice-biskupa-tomasza-2-495x400.jpg' width='495' height='400'  title='remont-kamienic-biskupa-tomasza-5' alt='remont-kamienic-biskupa-tomasza-5' \/><\/a> <a href='https:\/\/www.ozbud.com.pl\/wp-content\/uploads\/2019\/03\/remont-kamienice-biskupa-tomasza-5-1030x827.jpg' data-rel='gallery-1' data-prev-img='https:\/\/www.ozbud.com.pl\/wp-content\/uploads\/2019\/03\/remont-kamienice-biskupa-tomasza-5-1030x827.jpg' class='lightbox ' data-onclick='5' title='Widok z dachu Kamienicy na Budynki przy ul. Biskupa Tomasza Pierwszego 16 i 18.'  itemprop=\"thumbnailUrl\" ><img  src='https:\/\/www.ozbud.com.pl\/wp-content\/uploads\/2019\/03\/remont-kamienice-biskupa-tomasza-5-495x400.jpg' width='495' height='400'  title='remont-kamienic-biskupa-tomasza-2' alt='remont-kamienic-biskupa-tomasza-2' \/><\/a> <a href='https:\/\/www.ozbud.com.pl\/wp-content\/uploads\/2019\/03\/remont-kamienice-biskupa-tomasza-1-1030x579.jpg' data-rel='gallery-1' data-prev-img='https:\/\/www.ozbud.com.pl\/wp-content\/uploads\/2019\/03\/remont-kamienice-biskupa-tomasza-1-1030x579.jpg' class='lightbox ' data-onclick='6' title='Przedwojenne reklamy na elewacji w trakcie rewitalizacji.'  itemprop=\"thumbnailUrl\" ><img  src='https:\/\/www.ozbud.com.pl\/wp-content\/uploads\/2019\/03\/remont-kamienice-biskupa-tomasza-1-495x400.jpg' width='495' height='400'  title='remont-kamienic-biskupa-tomasza-6' alt='remont-kamienic-biskupa-tomasza-6' \/><\/a><\/div><\/div>\n","protected":false},"excerpt":{"rendered":"<p>Remont Kamienic na Wroc\u0142awskim Nadodrzu obejmuje swoim zakresem trzy adresy przy ulicy Biskupa Tomasza: 13, 16 oraz 18. Prace zwi\u0105zane z termomodernizacj\u0105, oraz rewitalizacj\u0105 czynnych budynk\u00f3w prowadzone s\u0105 zgodnie z planem, o ile pozwalaj\u0105 na to mieszka\u0144cy. Bardzo nas cieszy, \u017ce mo\u017cemy bra\u0107 udzia\u0142 w zmienianiu charakteru Nadodrza. Mamy nadziej\u0119, \u017ce miasto przeznaczy \u015brodki na [&hellip;]<\/p>\n","protected":false},"author":2,"featured_media":2329,"comment_status":"closed","ping_status":"closed","sticky":false,"template":"","format":"standard","meta":{"footnotes":""},"categories":[1],"tags":[],"yst_prominent_words":[565],"class_list":["post-2324","post","type-post","status-publish","format-standard","has-post-thumbnail","hentry","category-aktualnosci"],"_links":{"self":[{"href":"https:\/\/www.ozbud.com.pl\/index.php\/wp-json\/wp\/v2\/posts\/2324","targetHints":{"allow":["GET"]}}],"collection":[{"href":"https:\/\/www.ozbud.com.pl\/index.php\/wp-json\/wp\/v2\/posts"}],"about":[{"href":"https:\/\/www.ozbud.com.pl\/index.php\/wp-json\/wp\/v2\/types\/post"}],"author":[{"embeddable":true,"href":"https:\/\/www.ozbud.com.pl\/index.php\/wp-json\/wp\/v2\/users\/2"}],"replies":[{"embeddable":true,"href":"https:\/\/www.ozbud.com.pl\/index.php\/wp-json\/wp\/v2\/comments?post=2324"}],"version-history":[{"count":5,"href":"https:\/\/www.ozbud.com.pl\/index.php\/wp-json\/wp\/v2\/posts\/2324\/revisions"}],"predecessor-version":[{"id":2436,"href":"https:\/\/www.ozbud.com.pl\/index.php\/wp-json\/wp\/v2\/posts\/2324\/revisions\/2436"}],"wp:featuredmedia":[{"embeddable":true,"href":"https:\/\/www.ozbud.com.pl\/index.php\/wp-json\/wp\/v2\/media\/2329"}],"wp:attachment":[{"href":"https:\/\/www.ozbud.com.pl\/index.php\/wp-json\/wp\/v2\/media?parent=2324"}],"wp:term":[{"taxonomy":"category","embeddable":true,"href":"https:\/\/www.ozbud.com.pl\/index.php\/wp-json\/wp\/v2\/categories?post=2324"},{"taxonomy":"post_tag","embeddable":true,"href":"https:\/\/www.ozbud.com.pl\/index.php\/wp-json\/wp\/v2\/tags?post=2324"},{"taxonomy":"yst_prominent_words","embeddable":true,"href":"https:\/\/www.ozbud.com.pl\/index.php\/wp-json\/wp\/v2\/yst_prominent_words?post=2324"}],"curies":[{"name":"wp","href":"https:\/\/api.w.org\/{rel}","templated":true}]}}