{"id":2218,"date":"2019-02-12T08:49:30","date_gmt":"2019-02-12T07:49:30","guid":{"rendered":"https:\/\/www.ozbud.com.pl\/?p=2218"},"modified":"2019-02-12T10:32:21","modified_gmt":"2019-02-12T09:32:21","slug":"mlyn-maria-wykonawca","status":"publish","type":"post","link":"https:\/\/www.ozbud.com.pl\/index.php\/2019\/02\/12\/mlyn-maria-wykonawca\/","title":{"rendered":"M\u0142yn Maria &#8211; mieszkania zamiast silos\u00f3w i maszyn m\u0142y\u0144skich"},"content":{"rendered":"<p>Niebawem wkraczamy na plac budowy jako Wykonawca Stanu surowego, a nast\u0119pnie rob\u00f3t dekarskich dla nowo projektowanych i istniej\u0105cych zabudowa\u0144 wchodz\u0105cych w sk\u0142ad kompleksu mieszkalno-us\u0142ugowego &#8222;M\u0142yn Maria&#8221;. Opr\u00f3cz M\u0142yna Maria i Feniks dodatkowo powstan\u0105 dwa nowe obiekty mieszkalne: \u0142\u0105cznik tylny nadwieszony nad kana\u0142em oraz budynek B granicz\u0105cy z &#8222;Rezydencj\u0105 Piasek&#8221;. \u0141\u0105cznik frontowy zostanie odbudowany a po zachodniej stronie M\u0142yna Feniks znalaz\u0142o si\u0119 miejsce na wielostanowiskowy gara\u017c podziemny.<\/p>\n<p>Jeste\u015bmy wdzi\u0119czni, za zaufanie, kt\u00f3rym obdarzy\u0142 nas Inwestor umo\u017cliwiaj\u0105c nam udzia\u0142 w realizacji tej inwestycji. Wsp\u00f3lnie zadbamy o najwy\u017csz\u0105 jako\u015b\u0107 wykonywanych prac.<\/p>\n<div class='avia-image-container  av-styling- av-hover-grow   avia-align-center '  itemprop=\"ImageObject\" itemscope=\"itemscope\" itemtype=\"https:\/\/schema.org\/ImageObject\"  ><div class='avia-image-container-inner'><img class='avia_image ' src='https:\/\/www.ozbud.com.pl\/wp-content\/uploads\/2019\/02\/MlynMaria_front_od-str.-mostu-Mlynskiego_S.jpg' alt='M\u0142yn-Maria-Wykonawca-widok-od-frontu-ukos' title='M\u0142yn-Maria-Wykonawca_widok-od-frontu-ukos'   itemprop=\"thumbnailUrl\"  \/><\/div><\/div>\n","protected":false},"excerpt":{"rendered":"<p>Niebawem wkraczamy na plac budowy jako Wykonawca Stanu surowego, a nast\u0119pnie rob\u00f3t dekarskich dla nowo projektowanych i istniej\u0105cych zabudowa\u0144 wchodz\u0105cych w sk\u0142ad kompleksu mieszkalno-us\u0142ugowego &#8222;M\u0142yn Maria&#8221;. Opr\u00f3cz M\u0142yna Maria i Feniks dodatkowo powstan\u0105 dwa nowe obiekty mieszkalne: \u0142\u0105cznik tylny nadwieszony nad kana\u0142em oraz budynek B granicz\u0105cy z &#8222;Rezydencj\u0105 Piasek&#8221;. \u0141\u0105cznik frontowy zostanie odbudowany a po [&hellip;]<\/p>\n","protected":false},"author":2,"featured_media":2219,"comment_status":"closed","ping_status":"closed","sticky":false,"template":"","format":"standard","meta":{"footnotes":""},"categories":[1],"tags":[],"yst_prominent_words":[473,474,471,472],"class_list":["post-2218","post","type-post","status-publish","format-standard","has-post-thumbnail","hentry","category-aktualnosci"],"_links":{"self":[{"href":"https:\/\/www.ozbud.com.pl\/index.php\/wp-json\/wp\/v2\/posts\/2218","targetHints":{"allow":["GET"]}}],"collection":[{"href":"https:\/\/www.ozbud.com.pl\/index.php\/wp-json\/wp\/v2\/posts"}],"about":[{"href":"https:\/\/www.ozbud.com.pl\/index.php\/wp-json\/wp\/v2\/types\/post"}],"author":[{"embeddable":true,"href":"https:\/\/www.ozbud.com.pl\/index.php\/wp-json\/wp\/v2\/users\/2"}],"replies":[{"embeddable":true,"href":"https:\/\/www.ozbud.com.pl\/index.php\/wp-json\/wp\/v2\/comments?post=2218"}],"version-history":[{"count":3,"href":"https:\/\/www.ozbud.com.pl\/index.php\/wp-json\/wp\/v2\/posts\/2218\/revisions"}],"predecessor-version":[{"id":2437,"href":"https:\/\/www.ozbud.com.pl\/index.php\/wp-json\/wp\/v2\/posts\/2218\/revisions\/2437"}],"wp:featuredmedia":[{"embeddable":true,"href":"https:\/\/www.ozbud.com.pl\/index.php\/wp-json\/wp\/v2\/media\/2219"}],"wp:attachment":[{"href":"https:\/\/www.ozbud.com.pl\/index.php\/wp-json\/wp\/v2\/media?parent=2218"}],"wp:term":[{"taxonomy":"category","embeddable":true,"href":"https:\/\/www.ozbud.com.pl\/index.php\/wp-json\/wp\/v2\/categories?post=2218"},{"taxonomy":"post_tag","embeddable":true,"href":"https:\/\/www.ozbud.com.pl\/index.php\/wp-json\/wp\/v2\/tags?post=2218"},{"taxonomy":"yst_prominent_words","embeddable":true,"href":"https:\/\/www.ozbud.com.pl\/index.php\/wp-json\/wp\/v2\/yst_prominent_words?post=2218"}],"curies":[{"name":"wp","href":"https:\/\/api.w.org\/{rel}","templated":true}]}}