{"id":2140,"date":"2019-01-23T22:07:11","date_gmt":"2019-01-23T21:07:11","guid":{"rendered":"https:\/\/www.ozbud.com.pl\/?p=2140"},"modified":"2019-05-14T20:58:15","modified_gmt":"2019-05-14T18:58:15","slug":"zaprojektuj-i-wybuduj-zawonia","status":"publish","type":"post","link":"https:\/\/www.ozbud.com.pl\/index.php\/2019\/01\/23\/zaprojektuj-i-wybuduj-zawonia\/","title":{"rendered":"Zaprojektuj i Wybuduj dla Zabytkowego Ko\u015bcio\u0142a w Zawoni"},"content":{"rendered":"<p>Prace &#8222;Zaprojektuj i Wybuduj&#8221; zwi\u0105zane z przebudow\u0105 ko\u015bcio\u0142a poewangelickiego w Zawoni dobieg\u0142y ko\u0144ca. Do\u0142o\u017cyli\u015bmy stara\u0144, aby &#8222;nowy obiekt&#8221; godnie reprezentowa\u0142 gmin\u0119 oraz mieszka\u0144c\u00f3w Zawoni. Jako miejsce spotka\u0144 dla okolicznej spo\u0142eczno\u015bci budynek odznacza si\u0119 unikatowym klimatem wywieraj\u0105c nieopisane wra\u017cenie swoj\u0105 bogat\u0105 histori\u0105, oraz ozdobnymi wn\u0119trzami.<\/p>\n<p>Projekt zosta\u0142 zrealizowany w ca\u0142o\u015bci przez firm\u0119 OZBUD. Tym razem nie realizowali\u015bmy jedynie prac zwi\u0105zanych z generalnym wykonawstwem, ale zlecenie wykonane zosta\u0142o na podstawie modelu &#8222;Zaprojektuj i Wybuduj&#8221;. Przeprowadzone prace rozpocz\u0119li\u015bmy od wykonania koncepcji architektonicznej, nast\u0119pnie uzyskali\u015bmy potrzebne uzgodnienia i pozwolenia z pozwoleniem na budow\u0119 w\u0142\u0105cznie. Prace budowlane obj\u0119\u0142y swoim zakresem wszystkie roboty wymagane dla realizacji tego zadania, razem z zagospodarowaniem terenu, oraz wykonaniem potrzebnych przy\u0142\u0105czy. Ostatnim etapem naszych prac by\u0142o uzyskanie pozwolenia na u\u017cytkowanie obiektu wraz z przekazaniem kluczy do obiektu inwestorowi<\/p>\n<p>Zapraszamy do obejrzenia kilku zdj\u0119\u0107 z wn\u0119trz dawnego ko\u015bcio\u0142a poni\u017cej, a je\u015bli macie tak\u0105 mo\u017cliwo\u015b\u0107, to wybierzcie si\u0119 do Zawoni. Miejscowo\u015b\u0107 ta urzeka spokojem oraz blisko\u015bci\u0105 natury po\u0142o\u017cona nieopodal Trzebnicy pomi\u0119dzy malowniczymi pag\u00f3rkami.<\/p>\n<p>Zapraszamy inwestor\u00f3w w regionie Dolno\u015bl\u0105skim do wsp\u00f3\u0142pracy w oparciu o model &#8222;Zaprojektuj i Wybuduj&#8221;. Razem stworzymy budynek uszyty na miar\u0119 wymaga\u0144 zamawiaj\u0105cego w rodzinnej atmosferze.<\/p>\n<div class='avia-gallery  avia-gallery-1 avia_lazyload avia_animate_when_visible '  itemprop=\"ImageObject\" itemscope=\"itemscope\" itemtype=\"https:\/\/schema.org\/ImageObject\" ><a class='avia-gallery-big fakeLightbox lightbox avia-gallery-big-crop-thumb ' href='https:\/\/www.ozbud.com.pl\/wp-content\/uploads\/2019\/01\/remont-kosciola-w-zawoni-24-2-1030x686.jpg'  data-onclick='1' title='Widok na wie\u017ce dawnego ko\u015bcio\u0142a od strony g\u0142\u00f3wnego wej\u015bcia.' ><span class='avia-gallery-big-inner'  itemprop=\"thumbnailUrl\" >\t<img width='1500' height='1000' src='https:\/\/www.ozbud.com.pl\/wp-content\/uploads\/2019\/01\/remont-kosciola-w-zawoni-24-2-1500x1000.jpg' title='remont-kosciola-w-zawoni-24' alt='wieza-koscielna-zawonia' \/><\/span><\/a><div class='avia-gallery-thumb'> <a href='https:\/\/www.ozbud.com.pl\/wp-content\/uploads\/2019\/01\/remont-kosciola-w-zawoni-24-2-1030x686.jpg' data-rel='gallery-1' data-prev-img='https:\/\/www.ozbud.com.pl\/wp-content\/uploads\/2019\/01\/remont-kosciola-w-zawoni-24-2-1500x1000.jpg' class='first_thumb lightbox ' data-onclick='1' title='Widok na wie\u017ce dawnego ko\u015bcio\u0142a od strony g\u0142\u00f3wnego wej\u015bcia.'  itemprop=\"thumbnailUrl\" ><img  src='https:\/\/www.ozbud.com.pl\/wp-content\/uploads\/2019\/01\/remont-kosciola-w-zawoni-24-2-495x400.jpg' width='495' height='400'  title='remont-kosciola-w-zawoni-24' alt='wieza-koscielna-zawonia' \/><\/a> <a href='https:\/\/www.ozbud.com.pl\/wp-content\/uploads\/2019\/01\/remont-kosciola-zawonia-2-1030x705.jpg' data-rel='gallery-1' data-prev-img='https:\/\/www.ozbud.com.pl\/wp-content\/uploads\/2019\/01\/remont-kosciola-zawonia-2-1500x1027.jpg' class='lightbox ' data-onclick='2' title='Strop wie\u017cy ko\u015bcio\u0142a w Zawoni.'  itemprop=\"thumbnailUrl\" ><img  src='https:\/\/www.ozbud.com.pl\/wp-content\/uploads\/2019\/01\/remont-kosciola-zawonia-2-495x400.jpg' width='495' height='400'  title='remont-kosciola-zawonia-2' alt='zawonia-strop' \/><\/a> <a href='https:\/\/www.ozbud.com.pl\/wp-content\/uploads\/2019\/01\/remont-kosciola-w-zawoni-25-1030x823.jpg' data-rel='gallery-1' data-prev-img='https:\/\/www.ozbud.com.pl\/wp-content\/uploads\/2019\/01\/remont-kosciola-w-zawoni-25-1500x1199.jpg' class='lightbox ' data-onclick='3' title='Odtworzone zabytkowe okno na elewacji dawnego ko\u015bcio\u0142a.'  itemprop=\"thumbnailUrl\" ><img  src='https:\/\/www.ozbud.com.pl\/wp-content\/uploads\/2019\/01\/remont-kosciola-w-zawoni-25-495x400.jpg' width='495' height='400'  title='remont-kosciola-w-zawoni-25' alt='zabytkowe-okno' \/><\/a> <a href='https:\/\/www.ozbud.com.pl\/wp-content\/uploads\/2019\/01\/remont-kosciola-w-zawoni-1-1030x773.jpg' data-rel='gallery-1' data-prev-img='https:\/\/www.ozbud.com.pl\/wp-content\/uploads\/2019\/01\/remont-kosciola-w-zawoni-1-1500x1125.jpg' class='lightbox ' data-onclick='4' title='Widok na zdobione zabytkowe drzwi na sali koncertowej.'  itemprop=\"thumbnailUrl\" ><img  src='https:\/\/www.ozbud.com.pl\/wp-content\/uploads\/2019\/01\/remont-kosciola-w-zawoni-1-495x400.jpg' width='495' height='400'  title='remont-kosciola-w-zawoni-1' alt='zabytkowe-drzwi' \/><\/a> <a href='https:\/\/www.ozbud.com.pl\/wp-content\/uploads\/2019\/01\/remont-kosciola-w-zawoni-3-1030x686.jpg' data-rel='gallery-1' data-prev-img='https:\/\/www.ozbud.com.pl\/wp-content\/uploads\/2019\/01\/remont-kosciola-w-zawoni-3-1500x1000.jpg' class='lightbox ' data-onclick='5' title='Widok na zabytkowe drzwi na sali koncertowej.'  itemprop=\"thumbnailUrl\" ><img  src='https:\/\/www.ozbud.com.pl\/wp-content\/uploads\/2019\/01\/remont-kosciola-w-zawoni-3-495x400.jpg' width='495' height='400'  title='remont-kosciola-w-zawoni-3' alt='zabytkowe-drzwi' \/><\/a> <a href='https:\/\/www.ozbud.com.pl\/wp-content\/uploads\/2019\/01\/remont-kosciola-w-zawoni-5-1030x686.jpg' data-rel='gallery-1' data-prev-img='https:\/\/www.ozbud.com.pl\/wp-content\/uploads\/2019\/01\/remont-kosciola-w-zawoni-5-1500x1000.jpg' class='first_thumb lightbox ' data-onclick='6' title='Widok na sal\u0119 koncertow\u0105 z empory.'  itemprop=\"thumbnailUrl\" ><img  src='https:\/\/www.ozbud.com.pl\/wp-content\/uploads\/2019\/01\/remont-kosciola-w-zawoni-5-495x400.jpg' width='495' height='400'  title='remont-kosciola-w-zawoni-5' alt='sala-koncertowa' \/><\/a> <a href='https:\/\/www.ozbud.com.pl\/wp-content\/uploads\/2019\/01\/remont-kosciola-w-zawoni-2-1030x686.jpg' data-rel='gallery-1' data-prev-img='https:\/\/www.ozbud.com.pl\/wp-content\/uploads\/2019\/01\/remont-kosciola-w-zawoni-2-1500x1000.jpg' class='lightbox ' data-onclick='7' title='Sala koncertowa na dole - Gmina Zawonia sprowadza wyposa\u017cenie do budynku.'  itemprop=\"thumbnailUrl\" ><img  src='https:\/\/www.ozbud.com.pl\/wp-content\/uploads\/2019\/01\/remont-kosciola-w-zawoni-2-495x400.jpg' width='495' height='400'  title='remont-kosciola-w-zawoni-2' alt='sala-koncertowa' \/><\/a> <a href='https:\/\/www.ozbud.com.pl\/wp-content\/uploads\/2019\/01\/remont-kosciola-w-zawoni-6-1030x686.jpg' data-rel='gallery-1' data-prev-img='https:\/\/www.ozbud.com.pl\/wp-content\/uploads\/2019\/01\/remont-kosciola-w-zawoni-6-1500x1000.jpg' class='lightbox ' data-onclick='8' title='Niemiecki cie\u015bla podpisa\u0142 swoj\u0105 prac\u0119.'  itemprop=\"thumbnailUrl\" ><img  src='https:\/\/www.ozbud.com.pl\/wp-content\/uploads\/2019\/01\/remont-kosciola-w-zawoni-6-495x400.jpg' width='495' height='400'  title='remont-kosciola-w-zawoni-6' alt='podpis-ciesli' \/><\/a> <a href='https:\/\/www.ozbud.com.pl\/wp-content\/uploads\/2019\/01\/remont-kosciola-w-zawoni-7-1030x686.jpg' data-rel='gallery-1' data-prev-img='https:\/\/www.ozbud.com.pl\/wp-content\/uploads\/2019\/01\/remont-kosciola-w-zawoni-7-1500x1000.jpg' class='lightbox ' data-onclick='9' title='Podkonstrukcja pod dawne organy.'  itemprop=\"thumbnailUrl\" ><img  src='https:\/\/www.ozbud.com.pl\/wp-content\/uploads\/2019\/01\/remont-kosciola-w-zawoni-7-495x400.jpg' width='495' height='400'  title='remont-kosciola-w-zawoni-7' alt='podkonstrukcja-organy' \/><\/a> <a href='https:\/\/www.ozbud.com.pl\/wp-content\/uploads\/2019\/01\/remont-kosciola-w-zawoni-8-1030x686.jpg' data-rel='gallery-1' data-prev-img='https:\/\/www.ozbud.com.pl\/wp-content\/uploads\/2019\/01\/remont-kosciola-w-zawoni-8-1500x1000.jpg' class='lightbox ' data-onclick='10' title='Odtworzone, oryginalne detale ciesielskie.'  itemprop=\"thumbnailUrl\" ><img  src='https:\/\/www.ozbud.com.pl\/wp-content\/uploads\/2019\/01\/remont-kosciola-w-zawoni-8-495x400.jpg' width='495' height='400'  title='remont-kosciola-w-zawoni-8' alt='detal-ciesielski' \/><\/a> <a href='https:\/\/www.ozbud.com.pl\/wp-content\/uploads\/2019\/01\/remont-kosciola-w-zawoni-10-1030x686.jpg' data-rel='gallery-1' data-prev-img='https:\/\/www.ozbud.com.pl\/wp-content\/uploads\/2019\/01\/remont-kosciola-w-zawoni-10-1500x1000.jpg' class='first_thumb lightbox ' data-onclick='11' title='Widok na sal\u0119 wzd\u0142u\u017c.'  itemprop=\"thumbnailUrl\" ><img  src='https:\/\/www.ozbud.com.pl\/wp-content\/uploads\/2019\/01\/remont-kosciola-w-zawoni-10-495x400.jpg' width='495' height='400'  title='remont-kosciola-w-zawoni-10' alt='sala-na-pietrze' \/><\/a> <a href='https:\/\/www.ozbud.com.pl\/wp-content\/uploads\/2019\/01\/remont-kosciola-w-zawoni-12-1030x686.jpg' data-rel='gallery-1' data-prev-img='https:\/\/www.ozbud.com.pl\/wp-content\/uploads\/2019\/01\/remont-kosciola-w-zawoni-12-1500x1000.jpg' class='lightbox ' data-onclick='12' title='Wygospodarowana dodatkowa przestrze\u0144 powsta\u0142a po przebudowie. Wcze\u015bniej poddasze nie mia\u0142o funkcji u\u017cytkowej.'  itemprop=\"thumbnailUrl\" ><img  src='https:\/\/www.ozbud.com.pl\/wp-content\/uploads\/2019\/01\/remont-kosciola-w-zawoni-12-495x400.jpg' width='495' height='400'  title='remont-kosciola-w-zawoni-12' alt='sala-na-pietrze' \/><\/a> <a href='https:\/\/www.ozbud.com.pl\/wp-content\/uploads\/2019\/01\/remont-kosciola-w-zawoni-13-1030x686.jpg' data-rel='gallery-1' data-prev-img='https:\/\/www.ozbud.com.pl\/wp-content\/uploads\/2019\/01\/remont-kosciola-w-zawoni-13-1500x1000.jpg' class='lightbox ' data-onclick='13' title='Zdemontowana zabytkowa konstrukcja, na kt\u00f3rej wisia\u0142 dzwon.'  itemprop=\"thumbnailUrl\" ><img  src='https:\/\/www.ozbud.com.pl\/wp-content\/uploads\/2019\/01\/remont-kosciola-w-zawoni-13-495x400.jpg' width='495' height='400'  title='remont-kosciola-w-zawoni-13' alt='konstrukcja-pod-dzwon' \/><\/a> <a href='https:\/\/www.ozbud.com.pl\/wp-content\/uploads\/2019\/01\/remont-kosciola-w-zawoni-14-1030x686.jpg' data-rel='gallery-1' data-prev-img='https:\/\/www.ozbud.com.pl\/wp-content\/uploads\/2019\/01\/remont-kosciola-w-zawoni-14-1500x1000.jpg' class='lightbox ' data-onclick='14' title='Widok na strop na klatce schodowej.'  itemprop=\"thumbnailUrl\" ><img  src='https:\/\/www.ozbud.com.pl\/wp-content\/uploads\/2019\/01\/remont-kosciola-w-zawoni-14-495x400.jpg' width='495' height='400'  title='remont-kosciola-w-zawoni-14' alt='strop-na-klatce-schodowej' \/><\/a> <a href='https:\/\/www.ozbud.com.pl\/wp-content\/uploads\/2019\/01\/remont-kosciola-w-zawoni-15-1030x762.jpg' data-rel='gallery-1' data-prev-img='https:\/\/www.ozbud.com.pl\/wp-content\/uploads\/2019\/01\/remont-kosciola-w-zawoni-15-1500x1110.jpg' class='lightbox ' data-onclick='15' title='Widok na schody prowadz\u0105ce na wie\u017ce.'  itemprop=\"thumbnailUrl\" ><img  src='https:\/\/www.ozbud.com.pl\/wp-content\/uploads\/2019\/01\/remont-kosciola-w-zawoni-15-495x400.jpg' width='495' height='400'  title='remont-kosciola-w-zawoni-15' alt='schody-na-wieze' \/><\/a> <a href='https:\/\/www.ozbud.com.pl\/wp-content\/uploads\/2019\/01\/remont-kosciola-w-zawoni-16-686x1030.jpg' data-rel='gallery-1' data-prev-img='https:\/\/www.ozbud.com.pl\/wp-content\/uploads\/2019\/01\/remont-kosciola-w-zawoni-16-1000x1500.jpg' class='first_thumb lightbox ' data-onclick='16' title='Widok na odtworzone zdobienia na spoczniku klatki schodowej.'  itemprop=\"thumbnailUrl\" ><img  src='https:\/\/www.ozbud.com.pl\/wp-content\/uploads\/2019\/01\/remont-kosciola-w-zawoni-16-495x400.jpg' width='495' height='400'  title='remont-kosciola-w-zawoni-16' alt='zdobienia-na-spoczniku' \/><\/a> <a href='https:\/\/www.ozbud.com.pl\/wp-content\/uploads\/2019\/01\/remont-kosciola-w-zawoni-18-1030x686.jpg' data-rel='gallery-1' data-prev-img='https:\/\/www.ozbud.com.pl\/wp-content\/uploads\/2019\/01\/remont-kosciola-w-zawoni-18-1500x1000.jpg' class='lightbox ' data-onclick='17' title='Klatka schodowa ze zdobieniami wykonanymi na wz\u00f3r orygina\u0142u.'  itemprop=\"thumbnailUrl\" ><img  src='https:\/\/www.ozbud.com.pl\/wp-content\/uploads\/2019\/01\/remont-kosciola-w-zawoni-18-495x400.jpg' width='495' height='400'  title='remont-kosciola-w-zawoni-18' alt='klatka-schodowa-zdobiona' \/><\/a> <a href='https:\/\/www.ozbud.com.pl\/wp-content\/uploads\/2019\/01\/remont-kosciola-w-zawoni-20-1030x686.jpg' data-rel='gallery-1' data-prev-img='https:\/\/www.ozbud.com.pl\/wp-content\/uploads\/2019\/01\/remont-kosciola-w-zawoni-20-1500x1000.jpg' class='lightbox ' data-onclick='18' title='Zabytkowe okucie na jednych z drzwi do sali koncertowej.'  itemprop=\"thumbnailUrl\" ><img  src='https:\/\/www.ozbud.com.pl\/wp-content\/uploads\/2019\/01\/remont-kosciola-w-zawoni-20-495x400.jpg' width='495' height='400'  title='remont-kosciola-w-zawoni-20' alt='zabytkowe-okucie-drzwi' \/><\/a> <a href='https:\/\/www.ozbud.com.pl\/wp-content\/uploads\/2019\/01\/remont-kosciola-w-zawoni-21-1030x686.jpg' data-rel='gallery-1' data-prev-img='https:\/\/www.ozbud.com.pl\/wp-content\/uploads\/2019\/01\/remont-kosciola-w-zawoni-21-1500x1000.jpg' class='lightbox ' data-onclick='19' title='Odrestaurowana tablica pami\u0105tkowa.'  itemprop=\"thumbnailUrl\" ><img  src='https:\/\/www.ozbud.com.pl\/wp-content\/uploads\/2019\/01\/remont-kosciola-w-zawoni-21-495x400.jpg' width='495' height='400'  title='remont-kosciola-w-zawoni-21' alt='epitafium-symbolika' \/><\/a> <a href='https:\/\/www.ozbud.com.pl\/wp-content\/uploads\/2019\/01\/remont-kosciola-w-zawoni-22-1030x686.jpg' data-rel='gallery-1' data-prev-img='https:\/\/www.ozbud.com.pl\/wp-content\/uploads\/2019\/01\/remont-kosciola-w-zawoni-22-1500x1000.jpg' class='lightbox ' data-onclick='20' title='Odrestaurowane zabytkowe epitafium.'  itemprop=\"thumbnailUrl\" ><img  src='https:\/\/www.ozbud.com.pl\/wp-content\/uploads\/2019\/01\/remont-kosciola-w-zawoni-22-495x400.jpg' width='495' height='400'  title='remont-kosciola-w-zawoni-22' alt='epitafium-detal' \/><\/a><\/div><\/div>\n<div  class='hr hr-default  '><span class='hr-inner ' ><span class='hr-inner-style'><\/span><\/span><\/div>\n<div class='avia-image-container  av-styling-    avia-align-center '  itemprop=\"ImageObject\" itemscope=\"itemscope\" itemtype=\"https:\/\/schema.org\/ImageObject\"  ><div class='avia-image-container-inner'><img class='avia_image ' src='https:\/\/www.ozbud.com.pl\/wp-content\/uploads\/2019\/01\/list-referencyjny-zawonia-1.png' alt='list-referencyjny-zaprojektuj-i-wybuduj' title='list-referencyjny-zawonia-zaprojektuj-i-wybuduj-1'   itemprop=\"thumbnailUrl\"  \/><\/div><\/div>\n<div class='avia-image-container  av-styling-    avia-align-center '  itemprop=\"ImageObject\" itemscope=\"itemscope\" itemtype=\"https:\/\/schema.org\/ImageObject\"  ><div class='avia-image-container-inner'><img class='avia_image ' src='https:\/\/www.ozbud.com.pl\/wp-content\/uploads\/2019\/01\/list-referencyjny-zawonia-2.png' alt='list-referencyjny-zaprojektuj-i-wybuduj' title='list-referencyjny-zawonia-zaprojektuj-i-wybuduj-2'   itemprop=\"thumbnailUrl\"  \/><\/div><\/div>\n","protected":false},"excerpt":{"rendered":"<p>Prace &#8222;Zaprojektuj i Wybuduj&#8221; zwi\u0105zane z przebudow\u0105 ko\u015bcio\u0142a poewangelickiego w Zawoni dobieg\u0142y ko\u0144ca. Do\u0142o\u017cyli\u015bmy stara\u0144, aby &#8222;nowy obiekt&#8221; godnie reprezentowa\u0142 gmin\u0119 oraz mieszka\u0144c\u00f3w Zawoni. Jako miejsce spotka\u0144 dla okolicznej spo\u0142eczno\u015bci budynek odznacza si\u0119 unikatowym klimatem wywieraj\u0105c nieopisane wra\u017cenie swoj\u0105 bogat\u0105 histori\u0105, oraz ozdobnymi wn\u0119trzami. Projekt zosta\u0142 zrealizowany w ca\u0142o\u015bci przez firm\u0119 OZBUD. Tym razem nie [&hellip;]<\/p>\n","protected":false},"author":2,"featured_media":2160,"comment_status":"closed","ping_status":"closed","sticky":false,"template":"","format":"standard","meta":{"footnotes":""},"categories":[1],"tags":[],"yst_prominent_words":[156,106,113,395,99,250,398,396,397,358,385],"class_list":["post-2140","post","type-post","status-publish","format-standard","has-post-thumbnail","hentry","category-aktualnosci"],"_links":{"self":[{"href":"https:\/\/www.ozbud.com.pl\/index.php\/wp-json\/wp\/v2\/posts\/2140","targetHints":{"allow":["GET"]}}],"collection":[{"href":"https:\/\/www.ozbud.com.pl\/index.php\/wp-json\/wp\/v2\/posts"}],"about":[{"href":"https:\/\/www.ozbud.com.pl\/index.php\/wp-json\/wp\/v2\/types\/post"}],"author":[{"embeddable":true,"href":"https:\/\/www.ozbud.com.pl\/index.php\/wp-json\/wp\/v2\/users\/2"}],"replies":[{"embeddable":true,"href":"https:\/\/www.ozbud.com.pl\/index.php\/wp-json\/wp\/v2\/comments?post=2140"}],"version-history":[{"count":16,"href":"https:\/\/www.ozbud.com.pl\/index.php\/wp-json\/wp\/v2\/posts\/2140\/revisions"}],"predecessor-version":[{"id":2444,"href":"https:\/\/www.ozbud.com.pl\/index.php\/wp-json\/wp\/v2\/posts\/2140\/revisions\/2444"}],"wp:featuredmedia":[{"embeddable":true,"href":"https:\/\/www.ozbud.com.pl\/index.php\/wp-json\/wp\/v2\/media\/2160"}],"wp:attachment":[{"href":"https:\/\/www.ozbud.com.pl\/index.php\/wp-json\/wp\/v2\/media?parent=2140"}],"wp:term":[{"taxonomy":"category","embeddable":true,"href":"https:\/\/www.ozbud.com.pl\/index.php\/wp-json\/wp\/v2\/categories?post=2140"},{"taxonomy":"post_tag","embeddable":true,"href":"https:\/\/www.ozbud.com.pl\/index.php\/wp-json\/wp\/v2\/tags?post=2140"},{"taxonomy":"yst_prominent_words","embeddable":true,"href":"https:\/\/www.ozbud.com.pl\/index.php\/wp-json\/wp\/v2\/yst_prominent_words?post=2140"}],"curies":[{"name":"wp","href":"https:\/\/api.w.org\/{rel}","templated":true}]}}